{"id":2530,"date":"2022-06-20T15:08:36","date_gmt":"2022-06-20T12:08:36","guid":{"rendered":"https:\/\/cezasizliklamucadele.org\/?p=2530"},"modified":"2022-06-20T15:09:34","modified_gmt":"2022-06-20T12:09:34","slug":"cezasizlikla-mucadele-egitimi-rehberi","status":"publish","type":"post","link":"https:\/\/cezasizliklamucadele.org\/?p=2530","title":{"rendered":"CEZASIZLIKLA M\u00dcCADELE E\u011e\u0130T\u0130M\u0130 REHBER\u0130"},"content":{"rendered":"<p>Haz\u0131rlayanlar: Av. Hasan Kemal Elban, Av. H\u00fclya Din\u00e7er, Av. Furkan A\u00e7\u0131kg\u00f6z<\/p>\n<p><a href=\"https:\/\/cezasizliklamucadele.org\/wp-content\/uploads\/2022\/06\/CMG-Cezasizlik-Egitim-Rehberi.pdf\">\u0130ndirmek i\u00e7in t\u0131klay\u0131n\u0131z<\/a><\/p>\n<p>Cezas\u0131zl\u0131kla M\u00fccadelede G\u00fc\u00e7birli\u011fi A\u011f\u0131 (CMG); gec\u0327mis\u0327te is\u0327lenen ag\u0306\u0131r insan haklar\u0131 ve insanl\u0131g\u0306a kars\u0327\u0131 suc\u0327lar\u0131n ortaya \u00e7\u0131kar\u0131lmas\u0131 konusunda c\u0327al\u0131s\u0327malar yapan I\u0307HD, TESEV, Hakikat Adaletve Haf\u0131za \u00c7al\u0131\u015fmalar\u0131 Merkezi, Diyarbak\u0131r Barosu, Batman Barosu, S\u0327\u0131rnak Barosu, Tu\u0308rkiye I\u0307nsan Haklar\u0131 Vakf\u0131, Yurtta\u015flar Derne\u011fi, Uluslararas\u0131 Af \u00d6rg\u00fct\u00fc, Human Rights Watch, Adli T\u0131p Uzmanlar\u0131 Derneg\u0306i, AU\u0308 SBF I\u0307nsan Haklar\u0131 Merkezi taraf\u0131ndan 2013 y\u0131l\u0131nda olu\u015fturulmu\u015ftur.CMG 2013-2016 y\u0131llar\u0131 aras\u0131nda konuyla ilgili mahkemelerin izlenmesi, dava takipleri, davalar\u0131n kamuoyuna duyurulmas\u0131, Anayasa Mahkemesi\u2019ne Bireysel S\u0327ikayet Hakk\u0131\u2019n\u0131n etkin kullan\u0131m\u0131 ic\u0327in \u00fc\u00e7\u00fcnc\u00fc taraf raporlar\u0131n\u0131n haz\u0131rlanmas\u0131, yasal deg\u0306is\u0327iklikler ic\u0327in kampanyalaryap\u0131lmas\u0131 gibi c\u0327al\u0131s\u0327malar ger\u00e7ekle\u015ftirmi\u015ftir. Cezas\u0131zl\u0131kla M\u00fccadelede G\u00fc\u00e7birli\u011fi A\u011f\u0131, cezas\u0131zl\u0131k alan\u0131nda \u00e7al\u0131\u015fan insan haklar\u0131 \u00f6rg\u00fctleri, barolar\u0131n insan haklar\u0131 merkezleri ile bireysel avukatlardan olu\u015fmaktad\u0131r. CMG\u2019nin Ocak 2019 tarihli toplant\u0131s\u0131nda derli toplu bir cezas\u0131zl\u0131k e\u011fitimi olu\u015fturulmas\u0131n\u0131n, alanda \u00e7al\u0131\u015fan avukatlar ve insan haklar\u0131 aktivistleri i\u00e7in bir ihtiya\u00e7 oldu\u011fu saptamas\u0131ndan hareketle bir Cezas\u0131zl\u0131kla M\u00fccadele E\u011fitim Kiti olu\u015fturulmas\u0131na karar vermi\u015ftir. Elinizdeki bu belge an\u0131lan e\u011fitim kitinin ana g\u00f6vdesini olu\u015fturan Cezas\u0131zl\u0131kla M\u00fccadele E\u011fitim Rehberidir. Rehber, cezas\u0131zl\u0131k e\u011fitimi vereceklere konu hakk\u0131nda derli toplu bir temel \u00e7er\u00e7eve sunmay\u0131 ama\u00e7lamaktad\u0131r. Ku\u015fkusuz bu konuda ilgilenenlerin derinle\u015febilece\u011fi ba\u015fka kaynaklar bulunmakla birlikte bunlar derli toplu ve b\u00fct\u00fcnc\u00fcl bir cezas\u0131zl\u0131k incelemesi olmaktan uzakt\u0131r. Yine bu Rehberin haz\u0131rlanmas\u0131 s\u0131ras\u0131nda sistemli ve b\u00fct\u00fcnc\u00fcl bir T\u00fcrk\u00e7e kaynak bulmakta da olduk\u00e7a zorlan\u0131lm\u0131\u015ft\u0131r. Yine de bu alanda \u0130nsan Haklar\u0131 Ortak Platformu\u2019nun ve yine a\u011f\u0131n bile\u015fenlerinden Hakikat Adalet Haf\u0131za Merkezi\u2019nin konuyla ilgili yay\u0131nlar\u0131ndan m\u00fcmk\u00fcn oldu\u011funca yararlan\u0131lm\u0131\u015ft\u0131r. Rehberin ama\u00e7lar\u0131 bak\u0131m\u0131ndan bu \u00e7al\u0131\u015fma a\u011f\u0131rl\u0131kl\u0131 olarak konuya ili\u015fkin \u0130ngilizce kaynaklar taranarak haz\u0131rlanm\u0131\u015ft\u0131r. Bunun bir nedeni, e\u011fitim ama\u00e7l\u0131 insan haklar\u0131 materyallerinin bollu\u011fu ve konuya ili\u015fkin sistematik bilgi sunmalar\u0131d\u0131r. E\u011fitim rehberini haz\u0131rlama konusunda g\u00f6rev \u00fcstlenen a\u011f bile\u015fenlerinden Antalya Barosu \u0130nsan Haklar\u0131 Merkezi taraf\u0131ndan bir taslak m\u00fcfredat haz\u0131rlanm\u0131\u015f ve bu m\u00fcfredat\u0131n a\u011f bile\u015fenleri taraf\u0131ndan benimsenmesi \u00fczerine, Cezas\u0131zl\u0131kla M\u00fccadele E\u011fitimi Program\u0131n\u0131n ana g\u00f6vdesini olu\u015fturan \u00fc\u00e7 ana b\u00f6l\u00fcm ve on bir mod\u00fclden olu\u015fan bu Rehber ortaya \u00e7\u0131km\u0131\u015ft\u0131r. Cezas\u0131zl\u0131\u011fa ili\u015fkin kapsaml\u0131 bir e\u011fitim program\u0131 olu\u015fturulmas\u0131 konusundaki fikrin olgunla\u015fmas\u0131 ve Rehberi haz\u0131rlanmam i\u00e7in beni y\u00fcreklendiren Cezas\u0131zl\u0131kla M\u00fccadelede G\u00fc\u00e7birli\u011fi A\u011f\u0131 Sekreteryas\u0131\u2019n\u0131 \u00fcstlenen arkada\u015flar\u0131m Feray Salman ile Ezgi Koman\u2019a; Rehberin yaz\u0131m\u0131 s\u0131ras\u0131nda taslak metinleri okuyup de\u011ferli ele\u015ftiri ve \u00f6nerilerini esirgemeyen Hakikat Adalet Haf\u0131za Merkezi\u2019nden Av. Emel Atakt\u00fcrk ve G\u00fclistan Zeren\u2019e; \u0130HOP\u2019tan Feray Salman ile Ankara Barosu \u0130nsan Haklar\u0131 Merkezinden Av. Dr. Kerem Alt\u0131parmak\u2019a \u00f6zel te\u015fekk\u00fcr\u00fc bir bor\u00e7 biliyorum. Ayr\u0131ca yard\u0131m\u0131n\u0131 Rehberin b\u00fct\u00fcn\u00fcne y\u00f6nelik ele\u015ftiri ve \u00f6nerilerde bulunmakla s\u0131n\u0131rlamay\u0131p Rehberin Hakikat Hakk\u0131\u2019na ili\u015fkin 10. mod\u00fcl\u00fcn\u00fc haz\u0131rlayan Av. Dr. H\u00fclya Din\u00e7er\u2019e ve T\u00fcrkiye\u2019de cezas\u0131zl\u0131kla m\u00fccadelenin tarihi ve simge davalar\u0131n yer ald\u0131\u011f\u0131 11. mod\u00fcl\u00fc haz\u0131rlayan Antalya Barosu \u0130nsan Haklar\u0131 Merkezi\u2019nden \u00e7al\u0131\u015fma arkada\u015f\u0131m Av. Furkan A\u00e7\u0131kg\u00f6z\u2019e de katt\u0131klar\u0131 zenginlik ve derinlik i\u00e7in \u00f6zel te\u015fekk\u00fcrlerimi sunmak isterim. Son olarak, taslak metindeki ifade bozukluklar\u0131 ve imla hatalar\u0131 y\u00f6n\u00fcnden metni g\u00f6zden ge\u00e7irerek d\u00fczelten ve b\u00fct\u00fcn bu Rehberin yaz\u0131m\u0131 s\u00fcresince g\u00fcnl\u00fck rutin sorumluluklar\u0131n y\u00fck\u00fcn\u00fc \u00fczerimden alan sevgili meslekta\u015f\u0131m ve e\u015fim Av. Serpil Yal\u00e7\u0131n Elban ile yoklu\u011fuma katlanan k\u0131z\u0131m Sumru\u2019ya minnetimi ifade edecek kelimeler yetersiz geliyor. Onlar olmasa elinizdeki bu \u00e7al\u0131\u015fma da ger\u00e7ekle\u015femezdi.<\/p>\n","protected":false},"excerpt":{"rendered":"<p>Haz\u0131rlayanlar: Av. Hasan Kemal Elban, Av. H\u00fclya Din\u00e7er, Av. Furkan A\u00e7\u0131kg\u00f6z \u0130ndirmek i\u00e7in t\u0131klay\u0131n\u0131z Cezas\u0131zl\u0131kla M\u00fccadelede G\u00fc\u00e7birli\u011fi A\u011f\u0131 (CMG); gec\u0327mis\u0327te is\u0327lenen ag\u0306\u0131r insan haklar\u0131 ve insanl\u0131g\u0306a kars\u0327\u0131 suc\u0327lar\u0131n ortaya \u00e7\u0131kar\u0131lmas\u0131 konusunda c\u0327al\u0131s\u0327malar yapan I\u0307HD, TESEV, Hakikat Adaletve Haf\u0131za \u00c7al\u0131\u015fmalar\u0131 Merkezi, Diyarbak\u0131r Barosu, Batman Barosu, S\u0327\u0131rnak Barosu, Tu\u0308rkiye I\u0307nsan Haklar\u0131 Vakf\u0131, Yurtta\u015flar Derne\u011fi, Uluslararas\u0131 Af \u00d6rg\u00fct\u00fc, [&hellip;]<\/p>\n","protected":false},"author":1,"featured_media":2533,"comment_status":"open","ping_status":"open","sticky":false,"template":"","format":"standard","meta":[],"categories":[61],"tags":[],"_links":{"self":[{"href":"https:\/\/cezasizliklamucadele.org\/index.php?rest_route=\/wp\/v2\/posts\/2530"}],"collection":[{"href":"https:\/\/cezasizliklamucadele.org\/index.php?rest_route=\/wp\/v2\/posts"}],"about":[{"href":"https:\/\/cezasizliklamucadele.org\/index.php?rest_route=\/wp\/v2\/types\/post"}],"author":[{"embeddable":true,"href":"https:\/\/cezasizliklamucadele.org\/index.php?rest_route=\/wp\/v2\/users\/1"}],"replies":[{"embeddable":true,"href":"https:\/\/cezasizliklamucadele.org\/index.php?rest_route=%2Fwp%2Fv2%2Fcomments&post=2530"}],"version-history":[{"count":1,"href":"https:\/\/cezasizliklamucadele.org\/index.php?rest_route=\/wp\/v2\/posts\/2530\/revisions"}],"predecessor-version":[{"id":2532,"href":"https:\/\/cezasizliklamucadele.org\/index.php?rest_route=\/wp\/v2\/posts\/2530\/revisions\/2532"}],"wp:featuredmedia":[{"embeddable":true,"href":"https:\/\/cezasizliklamucadele.org\/index.php?rest_route=\/wp\/v2\/media\/2533"}],"wp:attachment":[{"href":"https:\/\/cezasizliklamucadele.org\/index.php?rest_route=%2Fwp%2Fv2%2Fmedia&parent=2530"}],"wp:term":[{"taxonomy":"category","embeddable":true,"href":"https:\/\/cezasizliklamucadele.org\/index.php?rest_route=%2Fwp%2Fv2%2Fcategories&post=2530"},{"taxonomy":"post_tag","embeddable":true,"href":"https:\/\/cezasizliklamucadele.org\/index.php?rest_route=%2Fwp%2Fv2%2Ftags&post=2530"}],"curies":[{"name":"wp","href":"https:\/\/api.w.org\/{rel}","templated":true}]}}