{"id":2517,"date":"2021-04-15T05:59:37","date_gmt":"2021-04-15T02:59:37","guid":{"rendered":"https:\/\/cezasizliklamucadele.org\/?p=2517"},"modified":"2021-04-15T06:05:46","modified_gmt":"2021-04-15T03:05:46","slug":"cezasizlikla-mucadele-okulu","status":"publish","type":"post","link":"https:\/\/cezasizliklamucadele.org\/?p=2517","title":{"rendered":"CEZASIZLIKLA M\u00dcCADELE OKULU"},"content":{"rendered":"<p>Cezas\u0131zl\u0131kla M\u00fccadelede G\u00fc\u00e7birli\u011fi A\u011f\u0131, a\u011f\u0131r insan haklar\u0131 ihlallerine kar\u015f\u0131 alanda \u00e7al\u0131\u015fan avukatlar\u0131n daha donan\u0131ml\u0131 ve etkili bir \u015fekilde m\u00fccadele edebilmesine yard\u0131mc\u0131 olmak amac\u0131yla\u00a0<strong>22-23-24 Nisan 2021<\/strong>\u00a0tarihleri aras\u0131nda\u00a0<strong><em>Cezas\u0131zl\u0131kla M\u00fccadele Okulu<\/em><\/strong>\u00a0ad\u0131 alt\u0131nda bir\u00a0<u>online e\u011fitim program\u0131<\/u>\u00a0d\u00fczenleyecektir.<\/p>\n<p>Cezas\u0131zl\u0131kla M\u00fccadelede G\u00fc\u00e7birli\u011fi A\u011f\u0131, gec\u0327mis\u0327te is\u0327lenen ag\u0306\u0131r insan haklar\u0131 ve insanl\u0131g\u0306a kars\u0327\u0131 suc\u0327lar\u0131n ortaya \u00e7\u0131kar\u0131lmas\u0131 konusunda c\u0327al\u0131s\u0327malar yapan I\u0307HD, TESEV, Adalet, Hakikat ve Haf\u0131za Merkezi, Diyarbak\u0131r Barosu, Batman Barosu, S\u0327\u0131rnak Barosu, Tu\u0308rkiye I\u0307nsan Haklar\u0131 Vakf\u0131, Yurtta\u015flar Derne\u011fi, Uluslararas\u0131 Af \u00d6rg\u00fct\u00fc, Human Rights Watch, Adli T\u0131p Uzmanlar\u0131 Derneg\u0306i, AU\u0308 SBF I\u0307nsan Haklar\u0131 Merkezi taraf\u0131ndan 2013 y\u0131l\u0131nda olu\u015fturulmu\u015ftur. CMG 2013-2016 y\u0131llar\u0131 aras\u0131nda konuyla ilgili mahkemelerin izlenmesi, dava takipleri, davalar\u0131n kamuoyuna duyurulmas\u0131, Anayasa Mahkemesi\u2019ne Bireysel \u015eik\u00e2yet Hakk\u0131\u2019n\u0131n etkin kullan\u0131m\u0131 i\u00e7in \u00fc\u00e7\u00fcnc\u00fc taraf raporlar\u0131n\u0131n haz\u0131rlanmas\u0131, yasal de\u011fi\u015fiklikler i\u00e7in bask\u0131 yap\u0131lmas\u0131 gibi \u00e7al\u0131\u015fmalar ger\u00e7ekle\u015ftirmi\u015ftir. Cezas\u0131zl\u0131kla M\u00fccadelede G\u00fc\u00e7birli\u011fi A\u011f\u0131 halen cezas\u0131zl\u0131k alan\u0131nda \u00e7al\u0131\u015fmalar yapan insan haklar\u0131 \u00f6rg\u00fctleri, barolar\u0131n insan haklar\u0131 merkezleri ile bireysel avukatlardan olu\u015fmaktad\u0131r.<\/p>\n<p><strong>Cezas\u0131zl\u0131kla m\u00fccadele e\u011fitimimiz hangi konular\u0131 kapsayacak?<\/strong><\/p>\n<p>Cezas\u0131zl\u0131kla m\u00fccadele e\u011fitimimiz on bir e\u011fitim mod\u00fcl\u00fcnden olu\u015fuyor. Mod\u00fcllerin konu ba\u015fl\u0131klar\u0131 a\u015fa\u011f\u0131daki gibidir:<\/p>\n<ul>\n<li>Cezas\u0131zl\u0131k kavram\u0131n\u0131 uluslararas\u0131 ceza hukukunun ortaya \u00e7\u0131k\u0131\u015f\u0131 ve geli\u015fimi \u00fczerinden anlamak<\/li>\n<li>A\u011f\u0131r insan haklar\u0131 ihlalleri kavram\u0131 ve uluslararas\u0131 ceza hukuku ile insanc\u0131l hukuku ile ili\u015fkisi<\/li>\n<li>Cezas\u0131zl\u0131k ve devletin genel y\u00fck\u00fcml\u00fcl\u00fckleri<\/li>\n<li>Cezas\u0131zl\u0131k ve etkili ba\u015fvuru yolu hakk\u0131<\/li>\n<li>Cezas\u0131zl\u0131k ve ihlal ma\u011fdurlar\u0131n\u0131n giderim hakk\u0131<\/li>\n<li>A\u011f\u0131r insan haklar\u0131 ihlallerini soru\u015fturma y\u00fck\u00fcml\u00fcl\u00fc\u011f\u00fc<\/li>\n<li>A\u011f\u0131r insan haklar\u0131 ihlali fail(ler)ini yarg\u0131lama ve cezaland\u0131rma y\u00fck\u00fcml\u00fcl\u00fc\u011f\u00fc<\/li>\n<li>Yarg\u0131lama ve cezaland\u0131rma y\u00fck\u00fcml\u00fcl\u00fc\u011f\u00fcne \u00f6zg\u00fc ceza usul sorunlar\u0131<\/li>\n<li>Hakikat Hakk\u0131<\/li>\n<li>T\u00fcrkiye\u2019nin ceza adaleti sisteminde cezas\u0131zl\u0131k k\u00fclt\u00fcr\u00fcn\u00fc besleyen yap\u0131sal sorunlar\u0131 anlamak<\/li>\n<\/ul>\n<p>Yukar\u0131daki e\u011fitim mod\u00fcllerinin hangi kolayla\u015ft\u0131r\u0131c\u0131lar taraf\u0131ndan ne zaman sunulaca\u011f\u0131na ili\u015fkin bilgi se\u00e7ilen kat\u0131l\u0131mc\u0131lara e\u011fitimden \u00f6nce ayr\u0131ca g\u00f6nderilecektir.<\/p>\n<p><strong>Bu e\u011fitim program\u0131na kimler kat\u0131labilir?<\/strong><\/p>\n<p>\u0130nsan haklar\u0131 alan\u0131nda \u00e7al\u0131\u015fan ya da ceza hukuku a\u011f\u0131rl\u0131kl\u0131 \u00e7al\u0131\u015fmakla birlikte insan haklar\u0131 hukuku bilgisini geli\u015ftirmenin mesleki geli\u015fimine katk\u0131s\u0131 olaca\u011f\u0131na inanan asgari iki y\u0131ll\u0131k avukatl\u0131k deneyimine sahip ve halen aktif avukatl\u0131k yapan adaylar programa kabul edilecektir.<\/p>\n<p><strong>Cezas\u0131zl\u0131kla M\u00fccadele E\u011fitimi Nerede, Ne Zaman, Ne Kadar S\u00fcrecek?<\/strong><\/p>\n<p>E\u011fitimler, Covid 19 pandemisinin dayatt\u0131\u011f\u0131 zorunluluklar dikkate al\u0131narak online ve Zoom program\u0131 \u00fczerinden ger\u00e7ekle\u015ftirilecektir.<\/p>\n<p>E\u011fitim program\u0131n\u0131n\u00a0<u>22-23-24 Nisan 2021 tarihleri aras\u0131nda<\/u>\u00a03 g\u00fcn boyunca ger\u00e7ekle\u015ftirilmesi planlanmaktad\u0131r.<\/p>\n<p>Programa kat\u0131l\u0131m, bu t\u00fcr e\u011fitimlerin niteli\u011fi ve etkile\u015fimli ger\u00e7ekle\u015ftirme hedefi do\u011frultusunda\u00a0<u>25 ki\u015fi ile s\u0131n\u0131rland\u0131r\u0131lm\u0131\u015ft\u0131r<\/u>.<\/p>\n<p><strong>Kat\u0131l\u0131mc\u0131lar\u0131n belirlenmesinde g\u00f6zetilecek \u00f6l\u00e7\u00fctler neler?<\/strong><\/p>\n<ul>\n<li>Kat\u0131l\u0131mc\u0131lar\u0131n se\u00e7iminde, ya\u015f, mesleki deneyim, cinsiyet\/cinsel y\u00f6nelim\/cinsiyet kimli\u011fi da\u011f\u0131l\u0131m\u0131 ve \u00fclkenin de\u011fi\u015fik b\u00f6lgelerinde alanda \u00e7al\u0131\u015fan avukatlar\u0131n ihtiya\u00e7lar\u0131 aras\u0131nda denge kurulmas\u0131na \u00f6nem verilecektir. \u00d6zellikle kad\u0131nlar, LGBT\u0130+, \u00e7ocuklar, Romanlar, engelliler gibi k\u0131r\u0131lgan gruplarla \u00e7al\u0131\u015f\u0131yorsan\u0131z, l\u00fctfen ba\u015fvurunuzda bunu \u00f6zellikle belirtiniz.<\/li>\n<li>Kat\u0131l\u0131mc\u0131 se\u00e7iminde adaylar\u0131n insan haklar\u0131 alan\u0131nda asgari bir bilgi temeline sahip, alanda \u00e7al\u0131\u015fma iradesi, adanm\u0131\u015fl\u0131k ve isteklili\u011fi belirleyici \u00f6l\u00e7\u00fctlerden birisi olacakt\u0131r.<\/li>\n<li>Kat\u0131l\u0131mc\u0131 se\u00e7imi yukar\u0131daki \u00f6l\u00e7\u00fctleri de dikkate alarak ayr\u0131mc\u0131l\u0131k i\u00e7ermeyecek \u015fekilde ger\u00e7ekle\u015ftirilecektir.<\/li>\n<\/ul>\n<p><strong>E\u011fitim s\u00fcresince kat\u0131l\u0131mc\u0131lardan beklentilerimiz?<\/strong><\/p>\n<ul>\n<li>Cezas\u0131zl\u0131kla M\u00fccadele E\u011fitimimi Program\u0131\u2019n\u0131n amac\u0131na ula\u015fabilmesi bak\u0131m\u0131ndan, e\u011fitimler boyunca bilgisayar\u0131n kar\u015f\u0131s\u0131nda bulunman\u0131z\u0131 ve kameran\u0131z\u0131 kapatmaman\u0131z\u0131 talep ediyoruz. E\u011fitimler, taraf\u0131m\u0131zca bundan sonraki e\u011fitimlerimizin nitelik ve etkilili\u011fini art\u0131rabilmek i\u00e7in inceleme ve veri toplama amac\u0131yla kay\u0131t alt\u0131na al\u0131nacakt\u0131r. Buna kar\u015f\u0131n kat\u0131l\u0131mc\u0131lar\u0131n e\u011fitim s\u0131ras\u0131nda herhangi bir g\u00f6r\u00fcnt\u00fc ve ses kayd\u0131 almas\u0131 yasakt\u0131r. Kameran\u0131n a\u00e7\u0131k tutulmas\u0131na y\u00f6nelik getirilen ko\u015ful, kat\u0131l\u0131mc\u0131lar\u0131n e\u011fitime odaklan\u0131lmas\u0131n\u0131 kolayla\u015ft\u0131rma ama\u00e7l\u0131d\u0131r.<\/li>\n<li>E\u011fitim program\u0131na kabul edilenlerden herhangi bir \u00fccret talep edilmeyecektir. Buna kar\u015f\u0131n kat\u0131l\u0131mc\u0131lardan programa tam ve aktif kat\u0131l\u0131m beklenmektedir.<\/li>\n<\/ul>\n<p><strong>Nas\u0131l Ba\u015fvurulur?<\/strong><\/p>\n<p>Ba\u015fvuru formlar\u0131na buradan\u00a0ula\u015fabilirsiniz.\u00a0<strong><a href=\"https:\/\/ihop.org.tr\/cezasizlikla-mucadele-okulu-katilimci-basvuru-formu\/\" target=\"_blank\" rel=\"noopener noreferrer\"><u>Ba\u015fvuru Formu<\/u><\/a><\/strong><\/p>\n<p>Bu formu doldurarak ba\u015fvurunuzu tamamlaman\u0131z gerekiyor.<\/p>\n<p>Son ba\u015fvuru tarihi: 19 Nisan 2021\u2019dir. Programa kabul edilen adaylara 20 Nisan tarihinde programa kabul bildiriminde bulunulacakt\u0131r. Di\u011fer ba\u015fvurucular i\u00e7in ayr\u0131ca bir bildirimde bulunulmayacakt\u0131r.<\/p>\n<p>Ayr\u0131nt\u0131l\u0131 e\u011fitim program\u0131, ba\u015fvurusu kabul edilen kat\u0131l\u0131mc\u0131lara ayr\u0131ca e-posta adresleri \u00fczerinden g\u00f6nderilecektir. Bu nedenle programa kat\u0131lmay\u0131 d\u00fc\u015f\u00fcnen adaylar\u0131n ba\u015fvuru formunda g\u00fcncel ileti\u015fim bilgilerini vermeleri \u00f6nemlidir.<\/p>\n<p>Ba\u015fvuru formunu dolduran ancak programa kabul edilmeyen adaylar\u0131n formlar\u0131nda verdikleri ki\u015fisel bilgiler en ge\u00e7 25 Nisan 2021 tarihinde imha edilecektir. Programa kabul edilenlerin ise ba\u015fvuru formlar\u0131nda belirttikleri ki\u015fisel veriler program sonunda kat\u0131l\u0131m belgelerinin postalanmas\u0131n\u0131 izleyen iki g\u00fcn i\u00e7inde imha edilecektir.<\/p>\n<p>Buna kar\u015f\u0131n kat\u0131ld\u0131klar\u0131 e\u011fitim program\u0131n\u0131n uygulanmas\u0131 s\u0131ras\u0131nda 6698 say\u0131l\u0131 Ki\u015fisel Verilerin Korunmas\u0131 Kanunu uyar\u0131nca i\u015fbu e\u011fitim program\u0131ndaki ses, g\u00f6r\u00fcnt\u00fc kayd\u0131, foto\u011fraf vs y\u00f6ntemlerle kay\u0131tlanmas\u0131na, ar\u015fivlenmesine, a\u011f\u0131n web sitesi ve sosyal medya sayfalar\u0131nda payla\u015f\u0131lmas\u0131na, proje raporlar\u0131 ekinde ilgili birim ve kurulu\u015flara g\u00f6nderilmesine, \u00e7al\u0131\u015fma sonu\u00e7lar\u0131n\u0131n medya ve ilgili kurulu\u015flarla payla\u015f\u0131lmas\u0131na onay vermeleri beklenecektir. Programa kabul edilen adaylara e\u011fitim program\u0131na ba\u015flamadan \u00f6nce taraf\u0131m\u0131zdan UYAP pdf format\u0131nda g\u00f6nderilecek KVKK uyar\u0131nca onay ve e\u011fitim program\u0131na d\u00fczenli ve aktif kat\u0131l\u0131m taahh\u00fcd\u00fc belgesini e-imza ile imzalay\u0131p belirtilen e-posta hesab\u0131na g\u00f6ndermeleri beklenecektir.<\/p>\n<div class=\"td-post-content\">\n<p><em><strong>Bu program T\u00fcrkiye Cumhuriyeti Devleti ve Avrupa Birli\u011fi\u2019nin mali deste\u011fi ile haz\u0131rlanm\u0131\u015ft\u0131r. \u0130\u00e7eri\u011fin sorumlulu\u011fu tamam\u0131yla Kapasite Geli\u015ftirme Derne\u011fi\u2019ne aittir ve T\u00fcrkiye Cumhuriyeti Devleti ve Avrupa Birli\u011fi\u2019nin g\u00f6r\u00fc\u015flerini yans\u0131tmamaktad\u0131r.<\/strong><\/em><\/p>\n<\/div>\n","protected":false},"excerpt":{"rendered":"<p>Cezas\u0131zl\u0131kla M\u00fccadelede G\u00fc\u00e7birli\u011fi A\u011f\u0131, a\u011f\u0131r insan haklar\u0131 ihlallerine kar\u015f\u0131 alanda \u00e7al\u0131\u015fan avukatlar\u0131n daha donan\u0131ml\u0131 ve etkili bir \u015fekilde m\u00fccadele edebilmesine yard\u0131mc\u0131 olmak amac\u0131yla\u00a022-23-24 Nisan 2021\u00a0tarihleri aras\u0131nda\u00a0Cezas\u0131zl\u0131kla M\u00fccadele Okulu\u00a0ad\u0131 alt\u0131nda bir\u00a0online e\u011fitim program\u0131\u00a0d\u00fczenleyecektir. Cezas\u0131zl\u0131kla M\u00fccadelede G\u00fc\u00e7birli\u011fi A\u011f\u0131, gec\u0327mis\u0327te is\u0327lenen ag\u0306\u0131r insan haklar\u0131 ve insanl\u0131g\u0306a kars\u0327\u0131 suc\u0327lar\u0131n ortaya \u00e7\u0131kar\u0131lmas\u0131 konusunda c\u0327al\u0131s\u0327malar yapan I\u0307HD, TESEV, Adalet, Hakikat ve [&hellip;]<\/p>\n","protected":false},"author":1,"featured_media":2518,"comment_status":"open","ping_status":"open","sticky":false,"template":"","format":"standard","meta":[],"categories":[3,2,15],"tags":[],"_links":{"self":[{"href":"https:\/\/cezasizliklamucadele.org\/index.php?rest_route=\/wp\/v2\/posts\/2517"}],"collection":[{"href":"https:\/\/cezasizliklamucadele.org\/index.php?rest_route=\/wp\/v2\/posts"}],"about":[{"href":"https:\/\/cezasizliklamucadele.org\/index.php?rest_route=\/wp\/v2\/types\/post"}],"author":[{"embeddable":true,"href":"https:\/\/cezasizliklamucadele.org\/index.php?rest_route=\/wp\/v2\/users\/1"}],"replies":[{"embeddable":true,"href":"https:\/\/cezasizliklamucadele.org\/index.php?rest_route=%2Fwp%2Fv2%2Fcomments&post=2517"}],"version-history":[{"count":1,"href":"https:\/\/cezasizliklamucadele.org\/index.php?rest_route=\/wp\/v2\/posts\/2517\/revisions"}],"predecessor-version":[{"id":2519,"href":"https:\/\/cezasizliklamucadele.org\/index.php?rest_route=\/wp\/v2\/posts\/2517\/revisions\/2519"}],"wp:featuredmedia":[{"embeddable":true,"href":"https:\/\/cezasizliklamucadele.org\/index.php?rest_route=\/wp\/v2\/media\/2518"}],"wp:attachment":[{"href":"https:\/\/cezasizliklamucadele.org\/index.php?rest_route=%2Fwp%2Fv2%2Fmedia&parent=2517"}],"wp:term":[{"taxonomy":"category","embeddable":true,"href":"https:\/\/cezasizliklamucadele.org\/index.php?rest_route=%2Fwp%2Fv2%2Fcategories&post=2517"},{"taxonomy":"post_tag","embeddable":true,"href":"https:\/\/cezasizliklamucadele.org\/index.php?rest_route=%2Fwp%2Fv2%2Ftags&post=2517"}],"curies":[{"name":"wp","href":"https:\/\/api.w.org\/{rel}","templated":true}]}}