{"id":2468,"date":"2018-01-18T01:08:02","date_gmt":"2018-01-17T22:08:02","guid":{"rendered":"https:\/\/cezasizliklamucadele.org\/?p=2468"},"modified":"2021-01-18T01:11:49","modified_gmt":"2021-01-17T22:11:49","slug":"hakkimizda","status":"publish","type":"post","link":"https:\/\/cezasizliklamucadele.org\/?p=2468","title":{"rendered":"Biz Kimiz?"},"content":{"rendered":"<p>Cezas\u0131zl\u0131kla M\u00fccadele G\u00fc\u00e7birli\u011fi A\u011f\u0131 (CMG); ge\u00e7mi\u015fte i\u015flenen a\u011f\u0131r insan haklar\u0131 ve insanl\u0131\u011fa kar\u015f\u0131 su\u00e7lar\u0131n ortaya \u00e7\u0131kar\u0131lmas\u0131 konusunda \u00e7al\u0131\u015fmalar yapan \u0130HD, TESEV, Adalet, Hakikat ve Haf\u0131za Merkezi, Diyarbak\u0131r Barosu, Batman Barosu, \u015e\u0131rnak Barosu, T\u00fcrkiye \u0130nsan Haklar\u0131 Vakf\u0131, Yurtta\u015flar Derne\u011fi, Uluslararas\u0131 Af \u00d6rg\u00fct\u00fc, Human Rights Watch, Adli T\u0131p Uzmanlar\u0131 Derne\u011fi, A\u00dc SBF \u0130nsan Haklar\u0131 Merkezi taraf\u0131ndan 2013 y\u0131l\u0131nda olu\u015fturulmu\u015ftur.<\/p>\n<p>CMG 2013-2016 y\u0131llar\u0131 aras\u0131nda konuyla ilgili mahkemelerin izlenmesi, dava takipleri, davalar\u0131n kamuoyuna duyurulmas\u0131, Anayasa Mahkemesi\u2019ne Bireysel \u015eikayet Hakk\u0131\u2019n\u0131n etkin kullan\u0131m\u0131 i\u00e7in \u00fc\u00e7\u00fcnc\u00fc taraf raporlar\u0131n\u0131n haz\u0131rlanmas\u0131, yasal de\u011fi\u015fiklikler i\u00e7in bask\u0131 yap\u0131lmas\u0131 gibi \u00e7al\u0131\u015fmalar ger\u00e7ekle\u015ftirmi\u015ftir.<\/p>\n<p>Cezas\u0131zl\u0131kla M\u00fccadelede G\u00fc\u00e7birli\u011fi A\u011f\u0131 cezas\u0131zl\u0131k alan\u0131nda \u00e7al\u0131\u015fmalar yapan insan haklar\u0131 \u00f6rg\u00fctleri, barolar\u0131n insan haklar\u0131 merkezleri ile bireysel avukatlardan olu\u015fmaktad\u0131r.<\/p>\n","protected":false},"excerpt":{"rendered":"<p>Cezas\u0131zl\u0131kla M\u00fccadele G\u00fc\u00e7birli\u011fi A\u011f\u0131 (CMG); ge\u00e7mi\u015fte i\u015flenen a\u011f\u0131r insan haklar\u0131 ve insanl\u0131\u011fa kar\u015f\u0131 su\u00e7lar\u0131n ortaya \u00e7\u0131kar\u0131lmas\u0131 konusunda \u00e7al\u0131\u015fmalar yapan \u0130HD, TESEV, Adalet, Hakikat ve Haf\u0131za Merkezi, Diyarbak\u0131r Barosu, Batman Barosu, \u015e\u0131rnak Barosu, T\u00fcrkiye \u0130nsan Haklar\u0131 Vakf\u0131, Yurtta\u015flar Derne\u011fi, Uluslararas\u0131 Af \u00d6rg\u00fct\u00fc, Human Rights Watch, Adli T\u0131p Uzmanlar\u0131 Derne\u011fi, A\u00dc SBF \u0130nsan Haklar\u0131 Merkezi taraf\u0131ndan 2013 [&hellip;]<\/p>\n","protected":false},"author":1,"featured_media":0,"comment_status":"open","ping_status":"open","sticky":false,"template":"","format":"standard","meta":[],"categories":[59],"tags":[],"_links":{"self":[{"href":"https:\/\/cezasizliklamucadele.org\/index.php?rest_route=\/wp\/v2\/posts\/2468"}],"collection":[{"href":"https:\/\/cezasizliklamucadele.org\/index.php?rest_route=\/wp\/v2\/posts"}],"about":[{"href":"https:\/\/cezasizliklamucadele.org\/index.php?rest_route=\/wp\/v2\/types\/post"}],"author":[{"embeddable":true,"href":"https:\/\/cezasizliklamucadele.org\/index.php?rest_route=\/wp\/v2\/users\/1"}],"replies":[{"embeddable":true,"href":"https:\/\/cezasizliklamucadele.org\/index.php?rest_route=%2Fwp%2Fv2%2Fcomments&post=2468"}],"version-history":[{"count":3,"href":"https:\/\/cezasizliklamucadele.org\/index.php?rest_route=\/wp\/v2\/posts\/2468\/revisions"}],"predecessor-version":[{"id":2472,"href":"https:\/\/cezasizliklamucadele.org\/index.php?rest_route=\/wp\/v2\/posts\/2468\/revisions\/2472"}],"wp:attachment":[{"href":"https:\/\/cezasizliklamucadele.org\/index.php?rest_route=%2Fwp%2Fv2%2Fmedia&parent=2468"}],"wp:term":[{"taxonomy":"category","embeddable":true,"href":"https:\/\/cezasizliklamucadele.org\/index.php?rest_route=%2Fwp%2Fv2%2Fcategories&post=2468"},{"taxonomy":"post_tag","embeddable":true,"href":"https:\/\/cezasizliklamucadele.org\/index.php?rest_route=%2Fwp%2Fv2%2Ftags&post=2468"}],"curies":[{"name":"wp","href":"https:\/\/api.w.org\/{rel}","templated":true}]}}