{"id":2465,"date":"2019-01-18T01:06:13","date_gmt":"2019-01-17T22:06:13","guid":{"rendered":"https:\/\/cezasizliklamucadele.org\/?p=2465"},"modified":"2021-01-18T01:15:36","modified_gmt":"2021-01-17T22:15:36","slug":"adaleti-aramak-soylesi-2","status":"publish","type":"post","link":"https:\/\/cezasizliklamucadele.org\/?p=2465","title":{"rendered":"ADALET\u0130 ARAMAK S\u00d6YLE\u015e\u0130 2"},"content":{"rendered":"<p>S\u00f6yle\u015fi 2 | A\u015fikar S\u0131rlar: 90\u2019l\u0131 Y\u0131llarda J\u0130TEM Olgusu ve Adalet Aray\u0131\u015f\u0131<\/p>\n<p><strong>Tarih<\/strong>: 19 Eyl\u00fcl 2019, Ankara<\/p>\n<p>T\u00fcrkiye\u2019de a\u011f\u0131r insan haklar\u0131 ihlallerinde devlet g\u00f6revlilerinin\/paramiliter g\u00fc\u00e7lerin rol\u00fc her zaman inkar edildi. Ge\u00e7mi\u015fle y\u00fczle\u015fme iddias\u0131yla ba\u015flayan ve Ergenekon yarg\u0131lamalar\u0131yla devam eden s\u00fcre\u00e7te perde k\u0131smen araland\u0131, hem resmi yetkililerin konu\u015fmalar\u0131nda hem de haz\u0131rlanan baz\u0131 iddianamelerde \u2018beyaz toros olgusu\u2019 ve J\u0130TEM\u2019in varl\u0131\u011f\u0131 dolayl\u0131 ve do\u011frudan \u015fekilde kabul edildi.<\/p>\n<p>Y\u0131llarca s\u00fcr\u00fcncemede b\u0131rak\u0131lan soru\u015fturmalar canland\u0131r\u0131ld\u0131, zamana\u015f\u0131m\u0131 s\u00fcrelerinin dolmas\u0131na g\u00fcnler kala davalar a\u00e7\u0131ld\u0131. \u201cUmut verici\u201d iddianamelerin haz\u0131rlanmas\u0131 ile a\u00e7\u0131lan bu davalar, ma\u011fdur yak\u0131nlar\u0131 i\u00e7in adaletin nihayet tecelli edece\u011fi beklentisi do\u011furdu fakat beklentiler h\u0131zla yerini hayal k\u0131r\u0131kl\u0131\u011f\u0131na b\u0131rakt\u0131.<\/p>\n<p>Son olarak 9 Eyl\u00fcl 2019 g\u00fcn\u00fc cezas\u0131l\u0131kla sonu\u00e7lanan K\u0131z\u0131ltepe J\u0130TEM davas\u0131n\u0131n ard\u0131ndan, ge\u00e7mi\u015fle hesapla\u015fma zemini sunmas\u0131 beklenen bu az say\u0131daki davalardan on tanesi ne yaz\u0131k ki etkili y\u00fcr\u00fct\u00fclmeyen soru\u015fturma\/ kovu\u015fturmalar sonucu beraat kararlar\u0131yla sonu\u00e7land\u0131, s\u00fcre\u00e7 bu \u015fekilde devam edecek gibi g\u00f6r\u00fcn\u00fcyor. Aileler ve insan haklar\u0131 savunucular\u0131 \u015fu hakl\u0131 soruya cevap ar\u0131yor: \u00a0\u2018\u2019Madem J\u0130TEM var ama a\u011f\u0131r insan haklar\u0131 ihlallerinde rol\u00fc yok, \u00f6yleyse a\u011f\u0131r insan haklar\u0131 ihlallerini kim i\u015fledi?\u201d<\/p>\n<p><a href=\"http:\/\/bit.ly\/2ky8kv5\">K\u0131z\u0131ltepe J\u0130TEM davas\u0131n\u0131n<\/a> 9 Eyl\u00fcl 2019 tarihinde san\u0131klar\u0131n beraatiyle sonu\u00e7lanan nihai duru\u015fmas\u0131 sonras\u0131nda bu kez de 20 Eyl\u00fcl 2019 tarihinde g\u00f6r\u00fclecek <a href=\"http:\/\/bit.ly\/2q29KPM\"><strong>Ankara J\u0130TEM davas\u0131<\/strong><\/a> \u00f6ncesinde ayn\u0131 soyuyu tekrar soruyoruz. Bu soruya cevap bulmas\u0131 gereken yarg\u0131d\u0131r, devlet yetkilileridir.<\/p>\n<p>Sizleri ma\u011fdur ailelerin ve vekillerinin hakikat ve adalet aray\u0131\u015f\u0131na destek olmaya yarg\u0131lama s\u00fcre\u00e7lerini tart\u0131\u015fmaya \u00a0davet ediyoruz.<\/p>\n<hr \/>\n<p><strong>S\u00f6yle\u015fi: <\/strong>17.00 \u2013 18.30<\/p>\n<p><strong>Konu\u015fmac\u0131lar: <\/strong>Av. Eren Bask\u0131n, Av. Serta\u00e7 Ekinci, Av. Selim Ok\u00e7u\u011flu, Av. Yunus Muratakan<br \/>\n<strong>Moderat\u00f6rler: <\/strong>Ay\u015feg\u00fcl Do\u011fan <em>Gazeteci, <\/em>G\u00f6k\u00e7er Tahincio\u011flu,<em> Gazeteci<\/em><\/p>\n<p><b>Toplant\u0131 Yeri: <\/b>M\u00fclkiyeliler Birli\u011fi Toplant\u0131 Salonu Eski Bina ( Me\u015frutiyet, Konur Sk. No:1, Ankara)<\/p>\n","protected":false},"excerpt":{"rendered":"<p>S\u00f6yle\u015fi 2 | A\u015fikar S\u0131rlar: 90\u2019l\u0131 Y\u0131llarda J\u0130TEM Olgusu ve Adalet Aray\u0131\u015f\u0131 Tarih: 19 Eyl\u00fcl 2019, Ankara T\u00fcrkiye\u2019de a\u011f\u0131r insan haklar\u0131 ihlallerinde devlet g\u00f6revlilerinin\/paramiliter g\u00fc\u00e7lerin rol\u00fc her zaman inkar edildi. Ge\u00e7mi\u015fle y\u00fczle\u015fme iddias\u0131yla ba\u015flayan ve Ergenekon yarg\u0131lamalar\u0131yla devam eden s\u00fcre\u00e7te perde k\u0131smen araland\u0131, hem resmi yetkililerin konu\u015fmalar\u0131nda hem de haz\u0131rlanan baz\u0131 iddianamelerde \u2018beyaz toros olgusu\u2019 [&hellip;]<\/p>\n","protected":false},"author":1,"featured_media":2466,"comment_status":"open","ping_status":"open","sticky":false,"template":"","format":"standard","meta":[],"categories":[4],"tags":[],"_links":{"self":[{"href":"https:\/\/cezasizliklamucadele.org\/index.php?rest_route=\/wp\/v2\/posts\/2465"}],"collection":[{"href":"https:\/\/cezasizliklamucadele.org\/index.php?rest_route=\/wp\/v2\/posts"}],"about":[{"href":"https:\/\/cezasizliklamucadele.org\/index.php?rest_route=\/wp\/v2\/types\/post"}],"author":[{"embeddable":true,"href":"https:\/\/cezasizliklamucadele.org\/index.php?rest_route=\/wp\/v2\/users\/1"}],"replies":[{"embeddable":true,"href":"https:\/\/cezasizliklamucadele.org\/index.php?rest_route=%2Fwp%2Fv2%2Fcomments&post=2465"}],"version-history":[{"count":1,"href":"https:\/\/cezasizliklamucadele.org\/index.php?rest_route=\/wp\/v2\/posts\/2465\/revisions"}],"predecessor-version":[{"id":2467,"href":"https:\/\/cezasizliklamucadele.org\/index.php?rest_route=\/wp\/v2\/posts\/2465\/revisions\/2467"}],"wp:featuredmedia":[{"embeddable":true,"href":"https:\/\/cezasizliklamucadele.org\/index.php?rest_route=\/wp\/v2\/media\/2466"}],"wp:attachment":[{"href":"https:\/\/cezasizliklamucadele.org\/index.php?rest_route=%2Fwp%2Fv2%2Fmedia&parent=2465"}],"wp:term":[{"taxonomy":"category","embeddable":true,"href":"https:\/\/cezasizliklamucadele.org\/index.php?rest_route=%2Fwp%2Fv2%2Fcategories&post=2465"},{"taxonomy":"post_tag","embeddable":true,"href":"https:\/\/cezasizliklamucadele.org\/index.php?rest_route=%2Fwp%2Fv2%2Ftags&post=2465"}],"curies":[{"name":"wp","href":"https:\/\/api.w.org\/{rel}","templated":true}]}}