{"id":2456,"date":"2020-10-13T01:22:13","date_gmt":"2020-10-12T22:22:13","guid":{"rendered":"https:\/\/cezasizliklamucadele.org\/?p=2456"},"modified":"2021-01-17T01:25:58","modified_gmt":"2021-01-16T22:25:58","slug":"cevrim-ici-panel-carsi-ve-mahalle-bekciligi-yasasini-anlamak-ve-izlemek","status":"publish","type":"post","link":"https:\/\/cezasizliklamucadele.org\/?p=2456","title":{"rendered":"\u00c7EVR\u0130M \u0130\u00c7\u0130 PANEL: \u00c7AR\u015eI VE MAHALLE BEK\u00c7\u0130L\u0130\u011e\u0130 YASASINI ANLAMAK VE \u0130ZLEMEK"},"content":{"rendered":"<p>\u00c7AR\u015eI VE MAHALLE BEK\u00c7\u0130L\u0130\u011e\u0130 YASASINI ANLAMAK VE \u0130ZLEMEK<br \/>\n19 Ekim 2020<br \/>\nSaat:17.30<\/p>\n<p>Kolayla\u015ft\u0131r\u0131c\u0131: Av. H\u00fclya Din\u00e7er<\/p>\n<p>Konu\u015fmac\u0131lar:<br \/>\nAv. Aynur Tuncel Yazgan<br \/>\nNo\u00e9mi L\u00e9vy-Aksu<br \/>\nAv. Hasan Kemal Elban<\/p>\n<p>Cezas\u0131zl\u0131kla M\u00fccadelede G\u00fc\u00e7birli\u011fi A\u011f\u0131\u2019n\u0131n 19 Ekim Pazartesi g\u00fcn\u00fc saat 17.30\u2019da ger\u00e7ekle\u015ftirece\u011fi panel; ge\u00e7ti\u011fimiz aylarda TBMM\u2019de pek \u00e7ok tart\u0131\u015fmayla birlikte kabul edilen\u00a0<em>\u00c7ar\u015f\u0131 ve Mahalle Bek\u00e7ili\u011fi Yasas\u0131<\/em>\u2019n\u0131 konu ediyor. Panelde konu\u015fmac\u0131larla birlikte; \u201cTarihsel geli\u015fimi i\u00e7inde bek\u00e7ilik T\u00fcrkiye toplumunda hangi ihtiya\u00e7 i\u00e7inden \u00e7\u0131kt\u0131? Bug\u00fcn hangi toplumsal ihtiyaca kar\u015f\u0131l\u0131k geliyor?\u201d, \u201cPolis ve g\u00fcvenlik yap\u0131lanmas\u0131 i\u00e7inde bek\u00e7ili\u011fin yeri nedir?\u201d, \u201cG\u00fcvenlik ve asayi\u015f alg\u0131s\u0131; polis te\u015fkilat\u0131n\u0131n yap\u0131lanmas\u0131, insan haklar\u0131 ile ili\u015fkisi ve polis te\u015fkilat\u0131 i\u00e7inde cezas\u0131zl\u0131k k\u00fclt\u00fcr\u00fcn\u00fcn kaynaklar\u0131 nelerdir?\u201d,\u00a0\u00a0\u201c\u0130nsan haklar\u0131 ve g\u00fcvenlik dengesini do\u011fru kuran bir polis k\u00fclt\u00fcr\u00fc olu\u015fturulmas\u0131n\u0131n ko\u015fullar\u0131 var m\u0131? Bek\u00e7ilik bu anlamda nereye oturuyor?\u201d, \u00a0\u201cPolisli\u011fe ili\u015ftirilmi\u015f olarak tasarlanan bek\u00e7ilik yasas\u0131 ile bek\u00e7ilere verilen yetkilerin i\u00e7eri\u011fi ve yarataca\u011f\u0131 olas\u0131 sorunlar neler olabilir?\u201d, \u201cT\u00fcm bunlar izlenebilir mi? Nas\u0131l?\u201d sorular\u0131na yan\u0131t ar\u0131yoruz\u2026<\/p>\n<p>Kat\u0131lman\u0131z dile\u011fiyle..<\/p>\n<p>Toplant\u0131 Linki:\u00a0https:\/\/us02web.zoom.us\/j\/83566800037<\/p>\n","protected":false},"excerpt":{"rendered":"<p>\u00c7AR\u015eI VE MAHALLE BEK\u00c7\u0130L\u0130\u011e\u0130 YASASINI ANLAMAK VE \u0130ZLEMEK 19 Ekim 2020 Saat:17.30 Kolayla\u015ft\u0131r\u0131c\u0131: Av. H\u00fclya Din\u00e7er Konu\u015fmac\u0131lar: Av. Aynur Tuncel Yazgan No\u00e9mi L\u00e9vy-Aksu Av. Hasan Kemal Elban Cezas\u0131zl\u0131kla M\u00fccadelede G\u00fc\u00e7birli\u011fi A\u011f\u0131\u2019n\u0131n 19 Ekim Pazartesi g\u00fcn\u00fc saat 17.30\u2019da ger\u00e7ekle\u015ftirece\u011fi panel; ge\u00e7ti\u011fimiz aylarda TBMM\u2019de pek \u00e7ok tart\u0131\u015fmayla birlikte kabul edilen\u00a0\u00c7ar\u015f\u0131 ve Mahalle Bek\u00e7ili\u011fi Yasas\u0131\u2019n\u0131 konu ediyor. Panelde [&hellip;]<\/p>\n","protected":false},"author":1,"featured_media":2458,"comment_status":"open","ping_status":"open","sticky":false,"template":"","format":"standard","meta":[],"categories":[2,1,4],"tags":[],"_links":{"self":[{"href":"https:\/\/cezasizliklamucadele.org\/index.php?rest_route=\/wp\/v2\/posts\/2456"}],"collection":[{"href":"https:\/\/cezasizliklamucadele.org\/index.php?rest_route=\/wp\/v2\/posts"}],"about":[{"href":"https:\/\/cezasizliklamucadele.org\/index.php?rest_route=\/wp\/v2\/types\/post"}],"author":[{"embeddable":true,"href":"https:\/\/cezasizliklamucadele.org\/index.php?rest_route=\/wp\/v2\/users\/1"}],"replies":[{"embeddable":true,"href":"https:\/\/cezasizliklamucadele.org\/index.php?rest_route=%2Fwp%2Fv2%2Fcomments&post=2456"}],"version-history":[{"count":1,"href":"https:\/\/cezasizliklamucadele.org\/index.php?rest_route=\/wp\/v2\/posts\/2456\/revisions"}],"predecessor-version":[{"id":2457,"href":"https:\/\/cezasizliklamucadele.org\/index.php?rest_route=\/wp\/v2\/posts\/2456\/revisions\/2457"}],"wp:featuredmedia":[{"embeddable":true,"href":"https:\/\/cezasizliklamucadele.org\/index.php?rest_route=\/wp\/v2\/media\/2458"}],"wp:attachment":[{"href":"https:\/\/cezasizliklamucadele.org\/index.php?rest_route=%2Fwp%2Fv2%2Fmedia&parent=2456"}],"wp:term":[{"taxonomy":"category","embeddable":true,"href":"https:\/\/cezasizliklamucadele.org\/index.php?rest_route=%2Fwp%2Fv2%2Fcategories&post=2456"},{"taxonomy":"post_tag","embeddable":true,"href":"https:\/\/cezasizliklamucadele.org\/index.php?rest_route=%2Fwp%2Fv2%2Ftags&post=2456"}],"curies":[{"name":"wp","href":"https:\/\/api.w.org\/{rel}","templated":true}]}}