{"id":2452,"date":"2021-01-17T01:21:34","date_gmt":"2021-01-16T22:21:34","guid":{"rendered":"https:\/\/cezasizliklamucadele.org\/?p=2452"},"modified":"2021-01-17T01:21:34","modified_gmt":"2021-01-16T22:21:34","slug":"tahir-elci-yargi-surecinin-takipcisiyiz","status":"publish","type":"post","link":"https:\/\/cezasizliklamucadele.org\/?p=2452","title":{"rendered":"#TAH\u0130R EL\u00c7\u0130 YARGI S\u00dcREC\u0130N\u0130N TAK\u0130P\u00c7\u0130S\u0130Y\u0130Z"},"content":{"rendered":"<p>\u0130nsan haklar\u0131 m\u00fccadelesinde yol arkada\u015f\u0131m\u0131z, Diyarbak\u0131r Barosu eski ba\u015fkan\u0131 sevgili Tahir El\u00e7i 28 Kas\u0131m 2015 aram\u0131zdan kopart\u0131l\u0131p al\u0131nd\u0131. \u00d6l\u00fcm\u00fcn\u00fcn \u00fczerinden be\u015f y\u0131la yak\u0131n bir s\u00fcre ge\u00e7ti ve yarg\u0131lama ne yaz\u0131k ki hen\u00fcz yeni ba\u015fl\u0131yor.\u00a0<strong>21 Ekim 2020 tarihinde Diyarbak\u0131r 10. A\u011f\u0131r Ceza Mahkemesi\u2019nde yap\u0131lacak ilk duru\u015fmada g\u00f6z\u00fcm\u00fcz, kula\u011f\u0131m\u0131z, kalbimiz Mahkeme salonunda olacak.<\/strong><\/p>\n<p>Soru\u015fturman\u0131n gerekli \u00f6zen ve iyi niyet g\u00f6sterilmeden, \u015f\u00fcpheli olabilecekler g\u00f6revden uzakla\u015ft\u0131r\u0131lmadan, ara\u015ft\u0131rman\u0131n kapsam\u0131 alabildi\u011fine dar tutularak ve geciktirilerek y\u00fcr\u00fct\u00fcld\u00fc\u011f\u00fcne ili\u015fkin g\u00fc\u00e7l\u00fc bir kan\u0131 var. Delillerin usule uygun toplanmad\u0131\u011f\u0131, cinayete dair karanl\u0131k noktalar\u0131n ayd\u0131nlat\u0131lmas\u0131nda pasif kal\u0131nd\u0131\u011f\u0131, en b\u00fcy\u00fck \u00e7aban\u0131n yarg\u0131 makamlar\u0131 de\u011fil de El\u00e7i ailesinin avukatlar\u0131, Diyarbak\u0131r Barosu, adli mimari ve hukuk alan\u0131nda \u00e7al\u0131\u015fan uluslararas\u0131 kurumlar\u0131n \u00e7abas\u0131 ile ortaya konuldu\u011fu konusunda da \u00f6yle.\u00a0<strong>\u0130nsan haklar\u0131 kurulu\u015flar\u0131 olarak bu durumun kovu\u015fturma a\u015famas\u0131nda da devam edece\u011fi hususunda fazlas\u0131yla endi\u015feliyiz!<\/strong><\/p>\n<p>Muhalif tavr\u0131 ile tan\u0131nan bir baro ba\u015fkan\u0131, hukuk\u00e7u ve insan haklar\u0131 savunucusunun, bar\u0131\u015f\u00e7\u0131l nitelikte bir bas\u0131n a\u00e7\u0131klamas\u0131 yaparken, g\u00fcn ortas\u0131nda, \u015fehrin en merkezi yerinde, ola\u011fan\u00fcst\u00fc denetim ve g\u00f6zetim \u015fartlar\u0131 alt\u0131nda ve etrafta bir\u00e7ok g\u00fcvenlik g\u00f6revlisi mevcutken ku\u015fkulu bir \u015fekilde \u00f6ld\u00fcr\u00fclmesinin; delillerin ise bir t\u00fcrl\u00fc toplanamamas\u0131n\u0131n ard\u0131ndaki s\u0131r perdesini kald\u0131rabilmek \u015fart.\u00a0<strong>Bunun i\u00e7in tarafs\u0131z, ba\u011f\u0131ms\u0131z ve cesur bir kovu\u015fturma y\u00fcr\u00fct\u00fclmesi gerekti\u011fi de a\u00e7\u0131k.<\/strong><\/p>\n<p>T\u00fcrkiye Cumhuriyeti\u2019nin, t\u00fcm devletler gibi, ki\u015filerin ya\u015famlar\u0131ndan yoksun b\u0131rak\u0131lmamas\u0131 ve ya\u015fam hakk\u0131n\u0131 korumak i\u00e7in gerekli tedbirleri almak y\u00fck\u00fcml\u00fcl\u00fc\u011f\u00fc bulundu\u011fu gibi\u00a0<strong>ya\u015fam hakk\u0131 ihlali ger\u00e7ekle\u015fmi\u015fse \u00f6l\u00fcm\u00fcn \u015fartlar\u0131n\u0131 ortaya \u00e7\u0131karmaya, sorumlular\u0131 saptamaya ve cezaland\u0131rmaya elverir etkili bir soru\u015fturma\/ kovu\u015fturma y\u00fcr\u00fctmek mecburiyeti de var.<\/strong><\/p>\n<p>\u0130nsan haklar\u0131 ihlallerinin sorumlular\u0131n\u0131n yarg\u0131 \u00f6n\u00fcnde hesap vermesi, cezas\u0131zl\u0131\u011f\u0131n sona ermesi ve insan haysiyetine uygun bir ya\u015fam i\u00e7in y\u00fcr\u00fctt\u00fckleri m\u00fccadelede\u00a0<strong>insan haklar\u0131 savunucular\u0131n\u0131n maruz kald\u0131klar\u0131 her sald\u0131r\u0131n\u0131n ama \u00f6zellikle de ya\u015fam hakk\u0131 ihlallerinin \u00f6zenle soru\u015fturulmas\u0131 b\u00f6lgesel ve uluslararas\u0131 hukukun da gere\u011fi.<\/strong><\/p>\n<p>B\u00fct\u00fcn bu nedenlerle biz Cezas\u0131zl\u0131kla M\u00fccadelede G\u00fc\u00e7birli\u011fi A\u011f\u0131 olarak; bu ku\u015fkulu cinayetin neden, nas\u0131l, kimler taraf\u0131ndan, kimlerin verdi\u011fi emirler do\u011frultusunda i\u015flendi\u011fi ayd\u0131nlanana kadar devam edecek t\u00fcm yarg\u0131sal s\u00fcre\u00e7lerin sonuna kadar takip\u00e7isi olaca\u011f\u0131z.\u00a0<strong>Umar\u0131z bir g\u00fcn sevgili arkada\u015f\u0131m\u0131z Tahir El\u00e7i\u2019yi aram\u0131zdan alan bu cinayete ili\u015fkin hakikate bir nebze olsun ula\u015fabiliriz.<\/strong><\/p>\n<p><strong>\u00a0<\/strong><\/p>\n<p><strong>Cezas\u0131zl\u0131kla M\u00fccadelede G\u00fc\u00e7birli\u011fi A\u011f\u0131 \u2013 20 Ekim 2020<\/strong><\/p>\n<p>Diyarbak\u0131r Barosu; E\u015fit Haklar \u0130\u00e7in \u0130zleme Derne\u011fi; F\u0130SA \u00c7ocuk Haklar\u0131 Merkezi; Hakikat Adalet Haf\u0131za Merkezi, Hak \u0130nsiyatifi Derne\u011fi; \u0130nsan Haklar\u0131 Derne\u011fi; \u0130nsan Haklar\u0131 G\u00fcndemi Derne\u011fi; \u00d6zg\u00fcrl\u00fck \u0130\u00e7in Hukuk\u00e7ular Derne\u011fi; T\u00fcrkiye \u0130nsan Haklar\u0131 Vakf\u0131, Uluslararas\u0131 Af \u00d6rg\u00fct\u00fc T\u00fcrkiye \u015eubesi<\/p>\n","protected":false},"excerpt":{"rendered":"<p>\u0130nsan haklar\u0131 m\u00fccadelesinde yol arkada\u015f\u0131m\u0131z, Diyarbak\u0131r Barosu eski ba\u015fkan\u0131 sevgili Tahir El\u00e7i 28 Kas\u0131m 2015 aram\u0131zdan kopart\u0131l\u0131p al\u0131nd\u0131. \u00d6l\u00fcm\u00fcn\u00fcn \u00fczerinden be\u015f y\u0131la yak\u0131n bir s\u00fcre ge\u00e7ti ve yarg\u0131lama ne yaz\u0131k ki hen\u00fcz yeni ba\u015fl\u0131yor.\u00a021 Ekim 2020 tarihinde Diyarbak\u0131r 10. A\u011f\u0131r Ceza Mahkemesi\u2019nde yap\u0131lacak ilk duru\u015fmada g\u00f6z\u00fcm\u00fcz, kula\u011f\u0131m\u0131z, kalbimiz Mahkeme salonunda olacak. Soru\u015fturman\u0131n gerekli \u00f6zen ve [&hellip;]<\/p>\n","protected":false},"author":1,"featured_media":2454,"comment_status":"open","ping_status":"open","sticky":false,"template":"","format":"standard","meta":[],"categories":[3,2,1,15,8],"tags":[],"_links":{"self":[{"href":"https:\/\/cezasizliklamucadele.org\/index.php?rest_route=\/wp\/v2\/posts\/2452"}],"collection":[{"href":"https:\/\/cezasizliklamucadele.org\/index.php?rest_route=\/wp\/v2\/posts"}],"about":[{"href":"https:\/\/cezasizliklamucadele.org\/index.php?rest_route=\/wp\/v2\/types\/post"}],"author":[{"embeddable":true,"href":"https:\/\/cezasizliklamucadele.org\/index.php?rest_route=\/wp\/v2\/users\/1"}],"replies":[{"embeddable":true,"href":"https:\/\/cezasizliklamucadele.org\/index.php?rest_route=%2Fwp%2Fv2%2Fcomments&post=2452"}],"version-history":[{"count":1,"href":"https:\/\/cezasizliklamucadele.org\/index.php?rest_route=\/wp\/v2\/posts\/2452\/revisions"}],"predecessor-version":[{"id":2455,"href":"https:\/\/cezasizliklamucadele.org\/index.php?rest_route=\/wp\/v2\/posts\/2452\/revisions\/2455"}],"wp:featuredmedia":[{"embeddable":true,"href":"https:\/\/cezasizliklamucadele.org\/index.php?rest_route=\/wp\/v2\/media\/2454"}],"wp:attachment":[{"href":"https:\/\/cezasizliklamucadele.org\/index.php?rest_route=%2Fwp%2Fv2%2Fmedia&parent=2452"}],"wp:term":[{"taxonomy":"category","embeddable":true,"href":"https:\/\/cezasizliklamucadele.org\/index.php?rest_route=%2Fwp%2Fv2%2Fcategories&post=2452"},{"taxonomy":"post_tag","embeddable":true,"href":"https:\/\/cezasizliklamucadele.org\/index.php?rest_route=%2Fwp%2Fv2%2Ftags&post=2452"}],"curies":[{"name":"wp","href":"https:\/\/api.w.org\/{rel}","templated":true}]}}